[{"command":"add_css","data":[{"rel":"stylesheet","media":"all","href":"\/sites\/default\/files\/css\/css_n-DeTxTHNQD1b9Uat1C8nQSzdUVdUUBiPiS8l1zwdDY.css?delta=0\u0026language=nl\u0026theme=terra\u0026include=eJwrSS0qStTPKi0uyUzLTE1xT8zJSS2qBABl8wjl"}]},{"command":"add_js","selector":"body","data":[{"src":"\/sites\/default\/files\/js\/js_TVtlySe3dP7KefTeOPY1GI5jd-AzaDHcLVMeAMbU7GE.js?scope=footer\u0026delta=0\u0026language=nl\u0026theme=terra\u0026include=eJwrSS0qStTPKi0uyUzLTE1xT8zJSS2qBABl8wjl"}]},{"command":"readMessage","commentaire":"\n\n\n\u003Cdiv class=\u0022row\u0022\u003E\n\n  \u003Cdiv\n    class=\u0022column small-12 profile--caches-item cache--founded cache-found is-inactive\u0022\u003E\n    \u003Cdiv class=\u0022row align-middle collapse\u0022\u003E\n      \u003Cdiv class=\u0022column shrink poiz-medaillon--medium medaillon--left img-theme\u0022\u003E\u003Cimg src=\u0022https:\/\/cdn.terra-aventura.fr\/cdn\/ff\/ARiS4A3AnPAy5id4bt2ZQUI7I4fMky9gnSGXuEFyR00\/1494423358\/public\/actu\/imgList_zamela.png\u0022\/\u003E\u003C\/div\u003E\n      \u003Cdiv class=\u0022column\u0022\u003E\n        \u003Ch3 class=\u0022no-margin-b\u0022\u003ELes rois de la p\u00e9dale\u003C\/h3\u003E\n                \u003Cp class=\u0022no-margin\u0022\u003E\n          \u003Cspan class=\u0022profile-parcours-inactive\u0022\u003EParcours archiv\u00e9\u003C\/span\u003E                  \u003C\/p\u003E\n      \u003C\/div\u003E\n    \u003C\/div\u003E\n  \u003C\/div\u003E\n\n  \u003Cdiv class=\u0022column small-12\u0022\u003E\n    \u003Chr class=\u0022primary-strong\u0022\u003E\n\n    \u003Ch4 class=\u0022text-color-primary-strong no-margin\u0022\u003EMon carnet d\u0027aventures\u003C\/h4\u003E\n    \u003Cspan class=\u0022t-size-small\u0022\u003E15 sep 2020\u003C\/span\u003E\n\n    \u003Chr class=\u0022clear\u0022\u003E\n\n    \n      \u003Cp class=\u0022t-size-body no-margin\u0022\u003E\n\n                \n        Bravo : parcours sportif en for\u00eat agr\u00e9ment\u00e9 de \u0022d\u00e9corations\u0022 nombreuses pour les \u00e9nigmes. Beau travail. On appr\u00e9cie cette Zam\u00e9la... MPLC\n\n      \u003C\/p\u003E\n\n              \u003Chr class=\u0022clear no-margin-t\u0022\u003E\n      \n    \n    \u003Chr class=\u0022primary-strong no-margin-t\u0022\u003E\n\n    \u003Ch4\u003EMijn foto\u0027s \u003Cstrong\u003E(6)\u003C\/strong\u003E\u003C\/h4\u003E\n\n          \u003Cdiv class=\u0022best-photo--gallery js-gallery-justified no-margin\u0022\u003E\n                  \u003Ca href=\u0022https:\/\/cdn.terra-aventura.fr\/cdn\/ff\/kPDNr0EacZjPAXyN7MEmHklpDFNZu_hcZ0s2HC548_M\/1730507618\/public\/caches_commentaires\/2020-09\/les-rois-de-la-pedale-alainetanneb4364.jpg\u0022 class=\u0022colorbox best-photo--link\u0022 data-colorbox-gallery=\u0022best-photo\u0022\u003E\n            \u003Cimg src=\u0022https:\/\/cdn.terra-aventura.fr\/cdn\/ff\/9a44MCchuYvsqwP5iVQtlYRhXkp0WuV1o_XO3GZrwlI\/1758579206\/public\/styles\/fiche_cache_apercu_upload_photo_commentaire\/public\/caches_commentaires\/2020-09\/les-rois-de-la-pedale-alainetanneb4364.jpg?itok=Vx2G0E5w\u0022\n                 class=\u0022best-photo--img\u0022\/\u003E\n          \u003C\/a\u003E\n                  \u003Ca href=\u0022https:\/\/cdn.terra-aventura.fr\/cdn\/ff\/jDLi0r_IJbxYSt_K3-x-k67mryQBLwdvebR86S2FN_M\/1730507618\/public\/caches_commentaires\/2020-09\/les-rois-de-la-pedale-alainetanneb4374.jpg\u0022 class=\u0022colorbox best-photo--link\u0022 data-colorbox-gallery=\u0022best-photo\u0022\u003E\n            \u003Cimg src=\u0022https:\/\/cdn.terra-aventura.fr\/cdn\/ff\/3VnZCu6bqbUK704uXxgxHRqCqiArSwGhuE9Vwl-NS8A\/1758579206\/public\/styles\/fiche_cache_apercu_upload_photo_commentaire\/public\/caches_commentaires\/2020-09\/les-rois-de-la-pedale-alainetanneb4374.jpg?itok=ZjgtntiO\u0022\n                 class=\u0022best-photo--img\u0022\/\u003E\n          \u003C\/a\u003E\n                  \u003Ca href=\u0022https:\/\/cdn.terra-aventura.fr\/cdn\/ff\/ghM3odx1DdEDwkhtbdA8Ukk10qriDCP9Xpr81NQjRwA\/1730507618\/public\/caches_commentaires\/2020-09\/les-rois-de-la-pedale-alainetanneb4379.jpg\u0022 class=\u0022colorbox best-photo--link\u0022 data-colorbox-gallery=\u0022best-photo\u0022\u003E\n            \u003Cimg src=\u0022https:\/\/cdn.terra-aventura.fr\/cdn\/ff\/pIGiri1nl8G1faYJgQpk4MaObVY_x-A6zAa3qpSnppA\/1758579206\/public\/styles\/fiche_cache_apercu_upload_photo_commentaire\/public\/caches_commentaires\/2020-09\/les-rois-de-la-pedale-alainetanneb4379.jpg?itok=RhWrnfNU\u0022\n                 class=\u0022best-photo--img\u0022\/\u003E\n          \u003C\/a\u003E\n                  \u003Ca href=\u0022https:\/\/cdn.terra-aventura.fr\/cdn\/ff\/soGmbdqfGJMSXTqtlS4ITST5CztU7sV-fCkD7CKc_QE\/1730507618\/public\/caches_commentaires\/2020-09\/les-rois-de-la-pedale-alainetanneb4387.jpg\u0022 class=\u0022colorbox best-photo--link\u0022 data-colorbox-gallery=\u0022best-photo\u0022\u003E\n            \u003Cimg src=\u0022https:\/\/cdn.terra-aventura.fr\/cdn\/ff\/nhyDMIzLSj3pnretVBa7zV-_VEzWWG4lSdDJJN_jjxo\/1758579206\/public\/styles\/fiche_cache_apercu_upload_photo_commentaire\/public\/caches_commentaires\/2020-09\/les-rois-de-la-pedale-alainetanneb4387.jpg?itok=RjxqaT82\u0022\n                 class=\u0022best-photo--img\u0022\/\u003E\n          \u003C\/a\u003E\n                  \u003Ca href=\u0022https:\/\/cdn.terra-aventura.fr\/cdn\/ff\/_vZODXgI2yVi4n4B9rLVI92to0pDnlZly99IDzVn-9k\/1730507618\/public\/caches_commentaires\/2020-09\/les-rois-de-la-pedale-alainetanneb4394.jpg\u0022 class=\u0022colorbox best-photo--link\u0022 data-colorbox-gallery=\u0022best-photo\u0022\u003E\n            \u003Cimg src=\u0022https:\/\/cdn.terra-aventura.fr\/cdn\/ff\/k4UBDd5UWsB6OsDKu5FQCXNwiC_5gtBQdCNxFhRJl6g\/1758579206\/public\/styles\/fiche_cache_apercu_upload_photo_commentaire\/public\/caches_commentaires\/2020-09\/les-rois-de-la-pedale-alainetanneb4394.jpg?itok=yPGV4f6i\u0022\n                 class=\u0022best-photo--img\u0022\/\u003E\n          \u003C\/a\u003E\n                  \u003Ca href=\u0022https:\/\/cdn.terra-aventura.fr\/cdn\/ff\/KoThZs9z6NvdE6xCVUWJP6Ye_wISsOqiiM4sAoDDPWs\/1730507618\/public\/caches_commentaires\/2020-09\/les-rois-de-la-pedale-alainetanneb4398.jpg\u0022 class=\u0022colorbox best-photo--link\u0022 data-colorbox-gallery=\u0022best-photo\u0022\u003E\n            \u003Cimg src=\u0022https:\/\/cdn.terra-aventura.fr\/cdn\/ff\/0f-zmGAQtWwUhJySve87s1FP3yJcTaVYCdL8ppAHM4o\/1758579206\/public\/styles\/fiche_cache_apercu_upload_photo_commentaire\/public\/caches_commentaires\/2020-09\/les-rois-de-la-pedale-alainetanneb4398.jpg?itok=O9G9f0FL\u0022\n                 class=\u0022best-photo--img\u0022\/\u003E\n          \u003C\/a\u003E\n              \u003C\/div\u003E\n      \u003C\/div\u003E\n\n\u003C\/div\u003E\n","commentaire_text":"Bravo : parcours sportif en for\u00eat agr\u00e9ment\u00e9 de \u0022d\u00e9corations\u0022 nombreuses pour les \u00e9nigmes. Beau travail. On appr\u00e9cie cette Zam\u00e9la... MPLC","idcache":"659"}]