[{"command":"add_css","data":[{"rel":"stylesheet","media":"all","href":"\/sites\/default\/files\/css\/css_n-DeTxTHNQD1b9Uat1C8nQSzdUVdUUBiPiS8l1zwdDY.css?delta=0\u0026language=nl\u0026theme=terra\u0026include=eJwrSS0qStTPKi0uyUzLTE1xT8zJSS2qBABl8wjl"}]},{"command":"add_js","selector":"body","data":[{"src":"\/sites\/default\/files\/js\/js_TVtlySe3dP7KefTeOPY1GI5jd-AzaDHcLVMeAMbU7GE.js?scope=footer\u0026delta=0\u0026language=nl\u0026theme=terra\u0026include=eJwrSS0qStTPKi0uyUzLTE1xT8zJSS2qBABl8wjl"}]},{"command":"readMessage","commentaire":"\n\n\n\u003Cdiv class=\u0022row\u0022\u003E\n\n  \u003Cdiv\n    class=\u0022column small-12 profile--caches-item cache--founded cache-found\u0022\u003E\n    \u003Cdiv class=\u0022row align-middle collapse\u0022\u003E\n      \u003Cdiv class=\u0022column shrink poiz-medaillon--medium medaillon--left img-theme\u0022\u003E\u003Cimg src=\u0022https:\/\/cdn.terra-aventura.fr\/cdn\/ff\/7MsgeJX9hBZjd5GUAocAW8Jh2Y92miwrjy4F1Z7fnGo\/1494423359\/public\/themes_list\/imgList_zarthus.png\u0022\/\u003E\u003C\/div\u003E\n      \u003Cdiv class=\u0022column\u0022\u003E\n        \u003Ch3 class=\u0022no-margin-b\u0022\u003EAux pierres de la lune\u003C\/h3\u003E\n                \u003Cp class=\u0022text-right no-margin\u0022\u003E\n          \u003Ca href=\u0022\/nl\/node\/35\u0022\n             class=\u0022t-family-secondary t-size-strong\u0022\u003EDe route bekijken\u003C\/a\u003E\n                  \u003C\/p\u003E\n      \u003C\/div\u003E\n    \u003C\/div\u003E\n  \u003C\/div\u003E\n\n  \u003Cdiv class=\u0022column small-12\u0022\u003E\n    \u003Chr class=\u0022primary-strong\u0022\u003E\n\n    \u003Ch4 class=\u0022text-color-primary-strong no-margin\u0022\u003EMon carnet d\u0027aventures\u003C\/h4\u003E\n    \u003Cspan class=\u0022t-size-small\u0022\u003E22 jun 2025\u003C\/span\u003E\n\n    \u003Chr class=\u0022clear\u0022\u003E\n\n    \n      \u003Cp class=\u0022t-size-body no-margin\u0022\u003E\n\n                \n        Parcours choisi pour sa fra\u00eecheur (temps caniculaire). Il est vrai que ce parcours manque d\u0026#039;\u00e9nigmes, c\u0026#039;est dommage de ne pas r\u00e9utiliser le sentier d\u0026#039;interpr\u00e9tation des \u00e9coliers. \u00c0 ce propos,...\n\n      \u003C\/p\u003E\n\n              \u003Cp class=\u0022no-margin-t\u0022\u003E\n          \u003Ca data-open=\u0022moreComment\u0022 class=\u0022t-family-secondary t-size-medium\u0022\u003EHet vervolg lezen\u003C\/a\u003E\n        \u003C\/p\u003E\n\n        \u003Cdiv class=\u0022reveal large\u0022 id=\u0022moreComment\u0022 data-reveal data-close-on-click=\u0022false\u0022 data-close-on-esc=\u0022false\u0022\n             data-animation-in=\u0022slide-in-down\u0022 data-animation-out=\u0022slide-out-up\u0022\u003E\n          \u003Cdiv class=\u0022reveal-title\u0022\u003EMon carnet d\u0027aventures\u003C\/div\u003E\n\n          \u003Cdiv class=\u0022reveal-content\u0022\u003E\n                          Parcours choisi pour sa fra\u00eecheur (temps caniculaire). Il est vrai que ce parcours manque d\u0027\u00e9nigmes, c\u0027est dommage de ne pas r\u00e9utiliser le sentier d\u0027interpr\u00e9tation des \u00e9coliers. \u00c0 ce propos, merci aux \u00e9coliers pour leur travail.\u003Cbr \/\u003E\nEn dehors de cela, c\u0027est un parcours tr\u00e8s int\u00e9ressant et tr\u00e8s agr\u00e9able. \u2764\ufe0f                       \u003C\/div\u003E\n          \u003Cbutton class=\u0022close-button\u0022 data-close aria-label=\u0022Close modal\u0022 type=\u0022button\u0022\u003E\n            \u003Cspan aria-hidden=\u0022true\u0022\u003E\u0026times;\u003C\/span\u003E\n          \u003C\/button\u003E\n        \u003C\/div\u003E\n      \n    \n    \u003Chr class=\u0022primary-strong no-margin-t\u0022\u003E\n\n    \u003Ch4\u003EMijn foto\u0027s \u003Cstrong\u003E(0)\u003C\/strong\u003E\u003C\/h4\u003E\n\n                  \u003Cp class=\u0022t-size-body no-margin-t\u0022\u003E\n                      Val des neiges heeft geen foto\u0027s toegevoegd voor deze route                  \u003C\/p\u003E\n            \u003C\/div\u003E\n\n\u003C\/div\u003E\n","commentaire_text":"Parcours choisi pour sa fra\u00eecheur (temps caniculaire). Il est vrai que ce parcours manque d\u0027\u00e9nigmes, c\u0027est dommage de ne pas r\u00e9utiliser le sentier d\u0027interpr\u00e9tation des \u00e9coliers. \u00c0 ce propos, merci aux \u00e9coliers pour leur travail.\u003Cbr \/\u003E\nEn dehors de cela, c\u0027est un parcours tr\u00e8s int\u00e9ressant et tr\u00e8s agr\u00e9able. \u2764\ufe0f","idcache":"35"}]