[{"command":"add_css","data":[{"rel":"stylesheet","media":"all","href":"\/sites\/default\/files\/css\/css_n-DeTxTHNQD1b9Uat1C8nQSzdUVdUUBiPiS8l1zwdDY.css?delta=0\u0026language=nl\u0026theme=terra\u0026include=eJwrSS0qStTPKi0uyUzLTE1xT8zJSS2qBABl8wjl"}]},{"command":"add_js","selector":"body","data":[{"src":"\/sites\/default\/files\/js\/js_TVtlySe3dP7KefTeOPY1GI5jd-AzaDHcLVMeAMbU7GE.js?scope=footer\u0026delta=0\u0026language=nl\u0026theme=terra\u0026include=eJwrSS0qStTPKi0uyUzLTE1xT8zJSS2qBABl8wjl"}]},{"command":"readMessage","commentaire":"\n\n\n\u003Cdiv class=\u0022row\u0022\u003E\n\n  \u003Cdiv\n    class=\u0022column small-12 profile--caches-item cache--founded cache-found\u0022\u003E\n    \u003Cdiv class=\u0022row align-middle collapse\u0022\u003E\n      \u003Cdiv class=\u0022column shrink poiz-medaillon--medium medaillon--left img-theme\u0022\u003E\u003Cimg src=\u0022https:\/\/cdn.terra-aventura.fr\/cdn\/ff\/OpDz5z1fPANwtBUYaz4DpHvAbCuT-K3K8ntGhTGA7uM\/1494423359\/public\/themes_list\/imgList_zeroik.png\u0022\/\u003E\u003C\/div\u003E\n      \u003Cdiv class=\u0022column\u0022\u003E\n        \u003Ch3 class=\u0022no-margin-b\u0022\u003E\u00c0 la conqu\u00eate du ch\u00e2teau de Boussac\u003C\/h3\u003E\n                \u003Cp class=\u0022text-right no-margin\u0022\u003E\n          \u003Ca href=\u0022\/nl\/node\/128\u0022\n             class=\u0022t-family-secondary t-size-strong\u0022\u003EDe route bekijken\u003C\/a\u003E\n                  \u003C\/p\u003E\n      \u003C\/div\u003E\n    \u003C\/div\u003E\n  \u003C\/div\u003E\n\n  \u003Cdiv class=\u0022column small-12\u0022\u003E\n    \u003Chr class=\u0022primary-strong\u0022\u003E\n\n    \u003Ch4 class=\u0022text-color-primary-strong no-margin\u0022\u003EMon carnet d\u0027aventures\u003C\/h4\u003E\n    \u003Cspan class=\u0022t-size-small\u0022\u003E31 jul 2016\u003C\/span\u003E\n\n    \u003Chr class=\u0022clear\u0022\u003E\n\n    \n      \u003Cp class=\u0022t-size-body no-margin\u0022\u003E\n\n                \n        Ce soir, c\u0026#039;est soir d\u0026#039;event \u00e0 Bujaleuf, nous choississons donc de partir tr\u00e8s t\u00f4t pour faire quelques parcours de Terra en Creuse.A l\u0026#039;arriv\u00e9e waouh beau chateau, et tr\u00e8s agr\u00e9able de d\u00e9ambule...\n\n      \u003C\/p\u003E\n\n              \u003Cp class=\u0022no-margin-t\u0022\u003E\n          \u003Ca data-open=\u0022moreComment\u0022 class=\u0022t-family-secondary t-size-medium\u0022\u003EHet vervolg lezen\u003C\/a\u003E\n        \u003C\/p\u003E\n\n        \u003Cdiv class=\u0022reveal large\u0022 id=\u0022moreComment\u0022 data-reveal data-close-on-click=\u0022false\u0022 data-close-on-esc=\u0022false\u0022\n             data-animation-in=\u0022slide-in-down\u0022 data-animation-out=\u0022slide-out-up\u0022\u003E\n          \u003Cdiv class=\u0022reveal-title\u0022\u003EMon carnet d\u0027aventures\u003C\/div\u003E\n\n          \u003Cdiv class=\u0022reveal-content\u0022\u003E\n                          Ce soir, c\u0027est soir d\u0027event \u00e0 Bujaleuf, nous choississons donc de partir tr\u00e8s t\u00f4t pour faire quelques parcours de Terra en Creuse.A l\u0027arriv\u00e9e waouh beau chateau, et tr\u00e8s agr\u00e9able de d\u00e9ambuler dans ce joli village. \u003Cbr \/\u003E\nPar contre nous d\u00e9couvrons une cache vide... uniquement le logbook, pas d\u0027objets, et surtout Z\u00e9roik a d\u00e9sert\u00e9. Dommage.                       \u003C\/div\u003E\n          \u003Cbutton class=\u0022close-button\u0022 data-close aria-label=\u0022Close modal\u0022 type=\u0022button\u0022\u003E\n            \u003Cspan aria-hidden=\u0022true\u0022\u003E\u0026times;\u003C\/span\u003E\n          \u003C\/button\u003E\n        \u003C\/div\u003E\n      \n    \n    \u003Chr class=\u0022primary-strong no-margin-t\u0022\u003E\n\n    \u003Ch4\u003EMijn foto\u0027s \u003Cstrong\u003E(0)\u003C\/strong\u003E\u003C\/h4\u003E\n\n                  \u003Cp class=\u0022t-size-body no-margin-t\u0022\u003E\n                      fath19 heeft geen foto\u0027s toegevoegd voor deze route                  \u003C\/p\u003E\n            \u003C\/div\u003E\n\n\u003C\/div\u003E\n","commentaire_text":"Ce soir, c\u0027est soir d\u0027event \u00e0 Bujaleuf, nous choississons donc de partir tr\u00e8s t\u00f4t pour faire quelques parcours de Terra en Creuse.A l\u0027arriv\u00e9e waouh beau chateau, et tr\u00e8s agr\u00e9able de d\u00e9ambuler dans ce joli village. \u003Cbr \/\u003E\nPar contre nous d\u00e9couvrons une cache vide... uniquement le logbook, pas d\u0027objets, et surtout Z\u00e9roik a d\u00e9sert\u00e9. Dommage.","idcache":"128"}]