[{"command":"add_css","data":[{"rel":"stylesheet","media":"all","href":"\/sites\/default\/files\/css\/css_n-DeTxTHNQD1b9Uat1C8nQSzdUVdUUBiPiS8l1zwdDY.css?delta=0\u0026language=nl\u0026theme=terra\u0026include=eJwrSS0qStTPKi0uyUzLTE1xT8zJSS2qBABl8wjl"}]},{"command":"add_js","selector":"body","data":[{"src":"\/sites\/default\/files\/js\/js_TVtlySe3dP7KefTeOPY1GI5jd-AzaDHcLVMeAMbU7GE.js?scope=footer\u0026delta=0\u0026language=nl\u0026theme=terra\u0026include=eJwrSS0qStTPKi0uyUzLTE1xT8zJSS2qBABl8wjl"}]},{"command":"readMessage","commentaire":"\n\n\n\u003Cdiv class=\u0022row\u0022\u003E\n\n  \u003Cdiv\n    class=\u0022column small-12 profile--caches-item cache--founded cache-found\u0022\u003E\n    \u003Cdiv class=\u0022row align-middle collapse\u0022\u003E\n      \u003Cdiv class=\u0022column shrink poiz-medaillon--medium medaillon--left img-theme\u0022\u003E\u003Cimg src=\u0022https:\/\/cdn.terra-aventura.fr\/cdn\/ff\/acpdJNC3EP75Dma8wuZfXQdZvImrrV7qKtO9k8LQ1Pg\/1494423359\/public\/themes_list\/imgList_zeidon.png\u0022\/\u003E\u003C\/div\u003E\n      \u003Cdiv class=\u0022column\u0022\u003E\n        \u003Ch3 class=\u0022no-margin-b\u0022\u003EVolg het geluid van de watervallen\u2026\u003C\/h3\u003E\n                \u003Cp class=\u0022text-right no-margin\u0022\u003E\n          \u003Ca href=\u0022\/nl\/caches\/volg-het-geluid-van-de-watervallen\u0022\n             class=\u0022t-family-secondary t-size-strong\u0022\u003EDe route bekijken\u003C\/a\u003E\n                  \u003C\/p\u003E\n      \u003C\/div\u003E\n    \u003C\/div\u003E\n  \u003C\/div\u003E\n\n  \u003Cdiv class=\u0022column small-12\u0022\u003E\n    \u003Chr class=\u0022primary-strong\u0022\u003E\n\n    \u003Ch4 class=\u0022text-color-primary-strong no-margin\u0022\u003EMon carnet d\u0027aventures\u003C\/h4\u003E\n    \u003Cspan class=\u0022t-size-small\u0022\u003E14 mei 2021\u003C\/span\u003E\n\n    \u003Chr class=\u0022clear\u0022\u003E\n\n    \n      \u003Cp class=\u0022t-size-body no-margin\u0022\u003E\n\n                \n        C\u2019est au d\u00e9part de l\u2019\u00e9glise du joli village de Forg\u00e8s que le parcours d\u00e9bute. \nBerc\u00e9 par le bruit des cours d\u2019eau et des cascades tout le long, la faune se fait nombreuse, riche et dense, su...\n\n      \u003C\/p\u003E\n\n              \u003Cp class=\u0022no-margin-t\u0022\u003E\n          \u003Ca data-open=\u0022moreComment\u0022 class=\u0022t-family-secondary t-size-medium\u0022\u003EHet vervolg lezen\u003C\/a\u003E\n        \u003C\/p\u003E\n\n        \u003Cdiv class=\u0022reveal large\u0022 id=\u0022moreComment\u0022 data-reveal data-close-on-click=\u0022false\u0022 data-close-on-esc=\u0022false\u0022\n             data-animation-in=\u0022slide-in-down\u0022 data-animation-out=\u0022slide-out-up\u0022\u003E\n          \u003Cdiv class=\u0022reveal-title\u0022\u003EMon carnet d\u0027aventures\u003C\/div\u003E\n\n          \u003Cdiv class=\u0022reveal-content\u0022\u003E\n                          C\u2019est au d\u00e9part de l\u2019\u00e9glise du joli village de Forg\u00e8s que le parcours d\u00e9bute. \u003Cbr \/\u003E\nBerc\u00e9 par le bruit des cours d\u2019eau et des cascades tout le long, la faune se fait nombreuse, riche et dense, super avec des touts petits !\u003Cbr \/\u003E\nLes sous bois sont d\u2019un vert majestueux et abritant en cas de pluie :)\u003Cbr \/\u003E\nLe final est splendide, ne pas h\u00e9siter \u00e0 aller jusqu\u2019au bout du bout ! Superbe !\u003Cbr \/\u003E\nLe parcours est accessible \u00e0 tous m\u00eame avec des enfants en bas \u00e2ges et un porte b\u00e9b\u00e9 physiologique !\u003Cbr \/\u003E\nMerci pour cette jolie cache \ud83e\udd70                       \u003C\/div\u003E\n          \u003Cbutton class=\u0022close-button\u0022 data-close aria-label=\u0022Close modal\u0022 type=\u0022button\u0022\u003E\n            \u003Cspan aria-hidden=\u0022true\u0022\u003E\u0026times;\u003C\/span\u003E\n          \u003C\/button\u003E\n        \u003C\/div\u003E\n      \n    \n    \u003Chr class=\u0022primary-strong no-margin-t\u0022\u003E\n\n    \u003Ch4\u003EMijn foto\u0027s \u003Cstrong\u003E(5)\u003C\/strong\u003E\u003C\/h4\u003E\n\n          \u003Cdiv class=\u0022best-photo--gallery js-gallery-justified no-margin\u0022\u003E\n                  \u003Ca href=\u0022https:\/\/cdn.terra-aventura.fr\/cdn\/ff\/PyApznszcEnRsOuG1_sgmZL10DjtWrBpE4eozKTsQL4\/1730520188\/public\/caches_commentaires\/2021-05\/suivez-le-bruit-des-cascades-84756-0.jpg\u0022 class=\u0022colorbox best-photo--link\u0022 data-colorbox-gallery=\u0022best-photo\u0022\u003E\n            \u003Cimg src=\u0022https:\/\/cdn.terra-aventura.fr\/sites\/default\/files\/styles\/fiche_cache_apercu_upload_photo_commentaire\/public\/caches_commentaires\/2021-05\/suivez-le-bruit-des-cascades-84756-0.jpg?itok=72T8Ttmx\u0022\n                 class=\u0022best-photo--img\u0022\/\u003E\n          \u003C\/a\u003E\n                  \u003Ca href=\u0022https:\/\/cdn.terra-aventura.fr\/cdn\/ff\/STPtj4ZNrFUF5KJSVGyyx0l0ZxAEGvOzuGVgjE9AVMc\/1730520188\/public\/caches_commentaires\/2021-05\/suivez-le-bruit-des-cascades-84756-1.jpg\u0022 class=\u0022colorbox best-photo--link\u0022 data-colorbox-gallery=\u0022best-photo\u0022\u003E\n            \u003Cimg src=\u0022https:\/\/cdn.terra-aventura.fr\/sites\/default\/files\/styles\/fiche_cache_apercu_upload_photo_commentaire\/public\/caches_commentaires\/2021-05\/suivez-le-bruit-des-cascades-84756-1.jpg?itok=mK13130o\u0022\n                 class=\u0022best-photo--img\u0022\/\u003E\n          \u003C\/a\u003E\n                  \u003Ca href=\u0022https:\/\/cdn.terra-aventura.fr\/cdn\/ff\/XMYd79UWRwgBYobx-0JiqoWUuGaSkwBNR7YY7qznAK4\/1730520188\/public\/caches_commentaires\/2021-05\/suivez-le-bruit-des-cascades-84756-2.jpg\u0022 class=\u0022colorbox best-photo--link\u0022 data-colorbox-gallery=\u0022best-photo\u0022\u003E\n            \u003Cimg src=\u0022https:\/\/cdn.terra-aventura.fr\/sites\/default\/files\/styles\/fiche_cache_apercu_upload_photo_commentaire\/public\/caches_commentaires\/2021-05\/suivez-le-bruit-des-cascades-84756-2.jpg?itok=J3-ZPkjo\u0022\n                 class=\u0022best-photo--img\u0022\/\u003E\n          \u003C\/a\u003E\n                  \u003Ca href=\u0022https:\/\/cdn.terra-aventura.fr\/cdn\/ff\/ZkAqFiiN91R9ecNPEF0vuwXSySylTYgNqeiXktxWTLk\/1730520188\/public\/caches_commentaires\/2021-05\/suivez-le-bruit-des-cascades-84756-3.jpg\u0022 class=\u0022colorbox best-photo--link\u0022 data-colorbox-gallery=\u0022best-photo\u0022\u003E\n            \u003Cimg src=\u0022https:\/\/cdn.terra-aventura.fr\/sites\/default\/files\/styles\/fiche_cache_apercu_upload_photo_commentaire\/public\/caches_commentaires\/2021-05\/suivez-le-bruit-des-cascades-84756-3.jpg?itok=wNqj99EF\u0022\n                 class=\u0022best-photo--img\u0022\/\u003E\n          \u003C\/a\u003E\n                  \u003Ca href=\u0022https:\/\/cdn.terra-aventura.fr\/cdn\/ff\/fVFc_A0gSyNgAZ5pA6_7SlIX89L1Kgmy-tgzR0LXVEU\/1730520188\/public\/caches_commentaires\/2021-05\/suivez-le-bruit-des-cascades-84756-4.jpg\u0022 class=\u0022colorbox best-photo--link\u0022 data-colorbox-gallery=\u0022best-photo\u0022\u003E\n            \u003Cimg src=\u0022https:\/\/cdn.terra-aventura.fr\/sites\/default\/files\/styles\/fiche_cache_apercu_upload_photo_commentaire\/public\/caches_commentaires\/2021-05\/suivez-le-bruit-des-cascades-84756-4.jpg?itok=jRMFLCzq\u0022\n                 class=\u0022best-photo--img\u0022\/\u003E\n          \u003C\/a\u003E\n              \u003C\/div\u003E\n      \u003C\/div\u003E\n\n\u003C\/div\u003E\n","commentaire_text":"C\u2019est au d\u00e9part de l\u2019\u00e9glise du joli village de Forg\u00e8s que le parcours d\u00e9bute. \u003Cbr \/\u003E\nBerc\u00e9 par le bruit des cours d\u2019eau et des cascades tout le long, la faune se fait nombreuse, riche et dense, super avec des touts petits !\u003Cbr \/\u003E\nLes sous bois sont d\u2019un vert majestueux et abritant en cas de pluie :)\u003Cbr \/\u003E\nLe final est splendide, ne pas h\u00e9siter \u00e0 aller jusqu\u2019au bout du bout ! Superbe !\u003Cbr \/\u003E\nLe parcours est accessible \u00e0 tous m\u00eame avec des enfants en bas \u00e2ges et un porte b\u00e9b\u00e9 physiologique !\u003Cbr \/\u003E\nMerci pour cette jolie cache \ud83e\udd70","idcache":"103"}]