[{"command":"add_css","data":[{"rel":"stylesheet","media":"all","href":"\/sites\/default\/files\/css\/css_n-DeTxTHNQD1b9Uat1C8nQSzdUVdUUBiPiS8l1zwdDY.css?delta=0\u0026language=fr\u0026theme=terra\u0026include=eJwrSS0qStTPKi0uyUzLTE1xT8zJSS2qBABl8wjl"}]},{"command":"add_js","selector":"body","data":[{"src":"\/sites\/default\/files\/js\/js_TVtlySe3dP7KefTeOPY1GI5jd-AzaDHcLVMeAMbU7GE.js?scope=footer\u0026delta=0\u0026language=fr\u0026theme=terra\u0026include=eJwrSS0qStTPKi0uyUzLTE1xT8zJSS2qBABl8wjl"}]},{"command":"readMessage","commentaire":"\n\n\n\u003Cdiv class=\u0022row\u0022\u003E\n\n  \u003Cdiv\n    class=\u0022column small-12 profile--caches-item cache--founded cache-found\u0022\u003E\n    \u003Cdiv class=\u0022row align-middle collapse\u0022\u003E\n      \u003Cdiv class=\u0022column shrink poiz-medaillon--medium medaillon--left img-theme\u0022\u003E\u003Cimg src=\u0022https:\/\/cdn.terra-aventura.fr\/cdn\/ff\/K174KcswQn1yX9Q7fQueaefjJl0bFBqYumm6wwvy2Rw\/1559802641\/public\/themes_list\/imgList_ziclou_1.png\u0022\/\u003E\u003C\/div\u003E\n      \u003Cdiv class=\u0022column\u0022\u003E\n        \u003Ch3 class=\u0022no-margin-b\u0022\u003EContre vents z\u2019et marais\u003C\/h3\u003E\n                \u003Cp class=\u0022text-right no-margin\u0022\u003E\n          \u003Ca href=\u0022\/caches\/contre-vents-zet-marais\u0022\n             class=\u0022t-family-secondary t-size-strong\u0022\u003EVoir le parcours\u003C\/a\u003E\n                  \u003C\/p\u003E\n      \u003C\/div\u003E\n    \u003C\/div\u003E\n  \u003C\/div\u003E\n\n  \u003Cdiv class=\u0022column small-12\u0022\u003E\n    \u003Chr class=\u0022primary-strong\u0022\u003E\n\n    \u003Ch4 class=\u0022text-color-primary-strong no-margin\u0022\u003EMon carnet d\u0027aventures\u003C\/h4\u003E\n    \u003Cspan class=\u0022t-size-small\u0022\u003E29 Juil 2022\u003C\/span\u003E\n\n    \u003Chr class=\u0022clear\u0022\u003E\n\n    \n      \u003Cp class=\u0022t-size-body no-margin\u0022\u003E\n\n                \n        Vendredi 29 juillet 2022...Saint-Augustin-sur-Mer (17)...A pied avec mon G\u00e9oDog Jango \ud83d\udc3e\ud83d\udc29\ud83d\udc63...goudron, goudron et encore goudron et un chouya de sable...bel rencontre avec la petite Victoria \u00e0...\n\n      \u003C\/p\u003E\n\n              \u003Cp class=\u0022no-margin-t\u0022\u003E\n          \u003Ca data-open=\u0022moreComment\u0022 class=\u0022t-family-secondary t-size-medium\u0022\u003ELire la suite\u003C\/a\u003E\n        \u003C\/p\u003E\n\n        \u003Cdiv class=\u0022reveal large\u0022 id=\u0022moreComment\u0022 data-reveal data-close-on-click=\u0022false\u0022 data-close-on-esc=\u0022false\u0022\n             data-animation-in=\u0022slide-in-down\u0022 data-animation-out=\u0022slide-out-up\u0022\u003E\n          \u003Cdiv class=\u0022reveal-title\u0022\u003EMon carnet d\u0027aventures\u003C\/div\u003E\n\n          \u003Cdiv class=\u0022reveal-content\u0022\u003E\n                          Vendredi 29 juillet 2022...Saint-Augustin-sur-Mer (17)...A pied avec mon G\u00e9oDog Jango \ud83d\udc3e\ud83d\udc29\ud83d\udc63...goudron, goudron et encore goudron et un chouya de sable...bel rencontre avec la petite Victoria \u00e0 qui j\u0027ai donn\u00e9 deux de mes badges...puis avec une famille de cygnes dans les Marais \ud83d\ude0d.... Plus de Po\u00ef\u0027z dans la gourde sauf mon badge Nanook 37\ud83d\ude3bque je viens de d\u00e9poser....voil\u00e0 je boucle mon 572i\u00e8me parcours \ud83d\ude1c                       \u003C\/div\u003E\n          \u003Cbutton class=\u0022close-button\u0022 data-close aria-label=\u0022Close modal\u0022 type=\u0022button\u0022\u003E\n            \u003Cspan aria-hidden=\u0022true\u0022\u003E\u0026times;\u003C\/span\u003E\n          \u003C\/button\u003E\n        \u003C\/div\u003E\n      \n    \n    \u003Chr class=\u0022primary-strong no-margin-t\u0022\u003E\n\n    \u003Ch4\u003EMes photos \u003Cstrong\u003E(6)\u003C\/strong\u003E\u003C\/h4\u003E\n\n          \u003Cdiv class=\u0022best-photo--gallery js-gallery-justified no-margin\u0022\u003E\n                  \u003Ca href=\u0022https:\/\/cdn.terra-aventura.fr\/cdn\/ff\/Gw_XSV8PoBbX1rMTYKZWbxpO6exQNwVu5R8r5Nn_nfM\/1730488019\/public\/caches_commentaires\/2022-07\/contre-vents-zet-marais-263645-0.jpg\u0022 class=\u0022colorbox best-photo--link\u0022 data-colorbox-gallery=\u0022best-photo\u0022\u003E\n            \u003Cimg src=\u0022https:\/\/cdn.terra-aventura.fr\/sites\/default\/files\/styles\/fiche_cache_apercu_upload_photo_commentaire\/public\/caches_commentaires\/2022-07\/contre-vents-zet-marais-263645-0.jpg?itok=dyKg_ai8\u0022\n                 class=\u0022best-photo--img\u0022\/\u003E\n          \u003C\/a\u003E\n                  \u003Ca href=\u0022https:\/\/cdn.terra-aventura.fr\/cdn\/ff\/DZD3rWo5YianpLf6R19aRfppaB-GqOKRUGwPKqFAw4I\/1730488019\/public\/caches_commentaires\/2022-07\/contre-vents-zet-marais-263645-1.jpg\u0022 class=\u0022colorbox best-photo--link\u0022 data-colorbox-gallery=\u0022best-photo\u0022\u003E\n            \u003Cimg src=\u0022https:\/\/cdn.terra-aventura.fr\/sites\/default\/files\/styles\/fiche_cache_apercu_upload_photo_commentaire\/public\/caches_commentaires\/2022-07\/contre-vents-zet-marais-263645-1.jpg?itok=92VZGSVf\u0022\n                 class=\u0022best-photo--img\u0022\/\u003E\n          \u003C\/a\u003E\n                  \u003Ca href=\u0022https:\/\/cdn.terra-aventura.fr\/cdn\/ff\/B2EVBcgBN3bw_ifxul4pNc-4RY-uBD7kjOYqon2eAzM\/1730488019\/public\/caches_commentaires\/2022-07\/contre-vents-zet-marais-263645-2.jpg\u0022 class=\u0022colorbox best-photo--link\u0022 data-colorbox-gallery=\u0022best-photo\u0022\u003E\n            \u003Cimg src=\u0022https:\/\/cdn.terra-aventura.fr\/sites\/default\/files\/styles\/fiche_cache_apercu_upload_photo_commentaire\/public\/caches_commentaires\/2022-07\/contre-vents-zet-marais-263645-2.jpg?itok=7FkHHmon\u0022\n                 class=\u0022best-photo--img\u0022\/\u003E\n          \u003C\/a\u003E\n                  \u003Ca href=\u0022https:\/\/cdn.terra-aventura.fr\/cdn\/ff\/Bbx4suU_jKjsmrRlGC7ZUrsxKC1umce3jxIHfgjtjX8\/1730488019\/public\/caches_commentaires\/2022-07\/contre-vents-zet-marais-263645-3.jpg\u0022 class=\u0022colorbox best-photo--link\u0022 data-colorbox-gallery=\u0022best-photo\u0022\u003E\n            \u003Cimg src=\u0022https:\/\/cdn.terra-aventura.fr\/sites\/default\/files\/styles\/fiche_cache_apercu_upload_photo_commentaire\/public\/caches_commentaires\/2022-07\/contre-vents-zet-marais-263645-3.jpg?itok=IwaOvzLp\u0022\n                 class=\u0022best-photo--img\u0022\/\u003E\n          \u003C\/a\u003E\n                  \u003Ca href=\u0022https:\/\/cdn.terra-aventura.fr\/cdn\/ff\/hUwS7_kcHCkVCOUac5nVxN4clYvDdIk5Or4deSFxZIA\/1730488019\/public\/caches_commentaires\/2022-07\/contre-vents-zet-marais-263645-4.jpg\u0022 class=\u0022colorbox best-photo--link\u0022 data-colorbox-gallery=\u0022best-photo\u0022\u003E\n            \u003Cimg src=\u0022https:\/\/cdn.terra-aventura.fr\/sites\/default\/files\/styles\/fiche_cache_apercu_upload_photo_commentaire\/public\/caches_commentaires\/2022-07\/contre-vents-zet-marais-263645-4.jpg?itok=QqJUG-34\u0022\n                 class=\u0022best-photo--img\u0022\/\u003E\n          \u003C\/a\u003E\n                  \u003Ca href=\u0022https:\/\/cdn.terra-aventura.fr\/cdn\/ff\/w2iFb5Y-kY0R8pSayqeSddRW9VaAzHQKOml4cxlbtvE\/1730488019\/public\/caches_commentaires\/2022-07\/contre-vents-zet-marais-263645-5.jpg\u0022 class=\u0022colorbox best-photo--link\u0022 data-colorbox-gallery=\u0022best-photo\u0022\u003E\n            \u003Cimg src=\u0022https:\/\/cdn.terra-aventura.fr\/sites\/default\/files\/styles\/fiche_cache_apercu_upload_photo_commentaire\/public\/caches_commentaires\/2022-07\/contre-vents-zet-marais-263645-5.jpg?itok=jZWSKGhD\u0022\n                 class=\u0022best-photo--img\u0022\/\u003E\n          \u003C\/a\u003E\n              \u003C\/div\u003E\n      \u003C\/div\u003E\n\n\u003C\/div\u003E\n","commentaire_text":"Vendredi 29 juillet 2022...Saint-Augustin-sur-Mer (17)...A pied avec mon G\u00e9oDog Jango \ud83d\udc3e\ud83d\udc29\ud83d\udc63...goudron, goudron et encore goudron et un chouya de sable...bel rencontre avec la petite Victoria \u00e0 qui j\u0027ai donn\u00e9 deux de mes badges...puis avec une famille de cygnes dans les Marais \ud83d\ude0d.... Plus de Po\u00ef\u0027z dans la gourde sauf mon badge Nanook 37\ud83d\ude3bque je viens de d\u00e9poser....voil\u00e0 je boucle mon 572i\u00e8me parcours \ud83d\ude1c","idcache":"1000"}]