[{"command":"add_css","data":[{"rel":"stylesheet","media":"all","href":"\/sites\/default\/files\/css\/css_n-DeTxTHNQD1b9Uat1C8nQSzdUVdUUBiPiS8l1zwdDY.css?delta=0\u0026language=es\u0026theme=terra\u0026include=eJwrSS0qStTPKi0uyUzLTE1xT8zJSS2qBABl8wjl"}]},{"command":"add_js","selector":"body","data":[{"src":"\/sites\/default\/files\/js\/js_TVtlySe3dP7KefTeOPY1GI5jd-AzaDHcLVMeAMbU7GE.js?scope=footer\u0026delta=0\u0026language=es\u0026theme=terra\u0026include=eJwrSS0qStTPKi0uyUzLTE1xT8zJSS2qBABl8wjl"}]},{"command":"readMessage","commentaire":"\n\n\n\u003Cdiv class=\u0022row\u0022\u003E\n\n  \u003Cdiv\n    class=\u0022column small-12 profile--caches-item cache--founded cache-found\u0022\u003E\n    \u003Cdiv class=\u0022row align-middle collapse\u0022\u003E\n      \u003Cdiv class=\u0022column shrink poiz-medaillon--medium medaillon--left img-theme\u0022\u003E\u003Cimg src=\u0022https:\/\/cdn.terra-aventura.fr\/cdn\/ff\/AUbkb2XWPfHB_xn-pD1kk26ja3v1nHLckEArm8uRyjc\/1494423359\/public\/themes_list\/imgList_zepapeur.png\u0022\/\u003E\u003C\/div\u003E\n      \u003Cdiv class=\u0022column\u0022\u003E\n        \u003Ch3 class=\u0022no-margin-b\u0022\u003EA sus marcas. \u00bfListos? \u00a1Silbad!\u003C\/h3\u003E\n                \u003Cp class=\u0022text-right no-margin\u0022\u003E\n          \u003Ca href=\u0022\/es\/caches\/sus-marcas-listos-silbad\u0022\n             class=\u0022t-family-secondary t-size-strong\u0022\u003EVer el itinerario\u003C\/a\u003E\n                  \u003C\/p\u003E\n      \u003C\/div\u003E\n    \u003C\/div\u003E\n  \u003C\/div\u003E\n\n  \u003Cdiv class=\u0022column small-12\u0022\u003E\n    \u003Chr class=\u0022primary-strong\u0022\u003E\n\n    \u003Ch4 class=\u0022text-color-primary-strong no-margin\u0022\u003EMis aventuras\u003C\/h4\u003E\n    \u003Cspan class=\u0022t-size-small\u0022\u003E15 Jul 2025\u003C\/span\u003E\n\n    \u003Chr class=\u0022clear\u0022\u003E\n\n    \n      \u003Cp class=\u0022t-size-body no-margin\u0022\u003E\n\n                \n        Parcours sympa avec de belles vues, et niveau difficult\u00e9, je m\u0026#039;attendais \u00e0 pire, c\u0026#039;est un peu sportif oui, mais \u00e7a va, j\u0026#039;ai pas perdu mes jambes et un poumon en route comme c\u0026#039;est d\u00e9j\u00e0 arriv\u00e9...\n\n      \u003C\/p\u003E\n\n              \u003Cp class=\u0022no-margin-t\u0022\u003E\n          \u003Ca data-open=\u0022moreComment\u0022 class=\u0022t-family-secondary t-size-medium\u0022\u003ESeguir leyendo\u003C\/a\u003E\n        \u003C\/p\u003E\n\n        \u003Cdiv class=\u0022reveal large\u0022 id=\u0022moreComment\u0022 data-reveal data-close-on-click=\u0022false\u0022 data-close-on-esc=\u0022false\u0022\n             data-animation-in=\u0022slide-in-down\u0022 data-animation-out=\u0022slide-out-up\u0022\u003E\n          \u003Cdiv class=\u0022reveal-title\u0022\u003EMis aventuras\u003C\/div\u003E\n\n          \u003Cdiv class=\u0022reveal-content\u0022\u003E\n                          Parcours sympa avec de belles vues, et niveau difficult\u00e9, je m\u0027attendais \u00e0 pire, c\u0027est un peu sportif oui, mais \u00e7a va, j\u0027ai pas perdu mes jambes et un poumon en route comme c\u0027est d\u00e9j\u00e0 arriv\u00e9 sur d\u0027autres parcours \ud83d\ude05. Mplc \ud83c\udf38                       \u003C\/div\u003E\n          \u003Cbutton class=\u0022close-button\u0022 data-close aria-label=\u0022Close modal\u0022 type=\u0022button\u0022\u003E\n            \u003Cspan aria-hidden=\u0022true\u0022\u003E\u0026times;\u003C\/span\u003E\n          \u003C\/button\u003E\n        \u003C\/div\u003E\n      \n    \n    \u003Chr class=\u0022primary-strong no-margin-t\u0022\u003E\n\n    \u003Ch4\u003EMis fotos \u003Cstrong\u003E(3)\u003C\/strong\u003E\u003C\/h4\u003E\n\n          \u003Cdiv class=\u0022best-photo--gallery js-gallery-justified no-margin\u0022\u003E\n                  \u003Ca href=\u0022https:\/\/cdn.terra-aventura.fr\/cdn\/ff\/ZILpSFPdNBUIdUamQoWPFkvi-YFnHO0Asu5kKRalf6s\/1755179693\/public\/caches_commentaires\/2025-07\/11001336-vos-marques-prets-sifflez-273684-518-0.jpg\u0022 class=\u0022colorbox best-photo--link\u0022 data-colorbox-gallery=\u0022best-photo\u0022\u003E\n            \u003Cimg src=\u0022https:\/\/cdn.terra-aventura.fr\/sites\/default\/files\/styles\/fiche_cache_apercu_upload_photo_commentaire\/public\/caches_commentaires\/2025-07\/11001336-vos-marques-prets-sifflez-273684-518-0.jpg?itok=hS0TCOye\u0022\n                 class=\u0022best-photo--img\u0022\/\u003E\n          \u003C\/a\u003E\n                  \u003Ca href=\u0022https:\/\/cdn.terra-aventura.fr\/cdn\/ff\/3ScNPw7FKo4Gac5AjkNrUttXaVfDBvFR0-Eec5vU98s\/1755183716\/public\/caches_commentaires\/2025-07\/11001336-vos-marques-prets-sifflez-273684-518-1.jpg\u0022 class=\u0022colorbox best-photo--link\u0022 data-colorbox-gallery=\u0022best-photo\u0022\u003E\n            \u003Cimg src=\u0022https:\/\/cdn.terra-aventura.fr\/sites\/default\/files\/styles\/fiche_cache_apercu_upload_photo_commentaire\/public\/caches_commentaires\/2025-07\/11001336-vos-marques-prets-sifflez-273684-518-1.jpg?itok=36Swx4b8\u0022\n                 class=\u0022best-photo--img\u0022\/\u003E\n          \u003C\/a\u003E\n                  \u003Ca href=\u0022https:\/\/cdn.terra-aventura.fr\/cdn\/ff\/_mmGTwNjAS0j7DHJa8Ua8OqSbSLK8NszNVm-B8WnTu4\/1755185476\/public\/caches_commentaires\/2025-07\/11001336-vos-marques-prets-sifflez-273684-518-2.jpg\u0022 class=\u0022colorbox best-photo--link\u0022 data-colorbox-gallery=\u0022best-photo\u0022\u003E\n            \u003Cimg src=\u0022https:\/\/cdn.terra-aventura.fr\/sites\/default\/files\/styles\/fiche_cache_apercu_upload_photo_commentaire\/public\/caches_commentaires\/2025-07\/11001336-vos-marques-prets-sifflez-273684-518-2.jpg?itok=sOXnCZqa\u0022\n                 class=\u0022best-photo--img\u0022\/\u003E\n          \u003C\/a\u003E\n              \u003C\/div\u003E\n      \u003C\/div\u003E\n\n\u003C\/div\u003E\n","commentaire_text":"Parcours sympa avec de belles vues, et niveau difficult\u00e9, je m\u0027attendais \u00e0 pire, c\u0027est un peu sportif oui, mais \u00e7a va, j\u0027ai pas perdu mes jambes et un poumon en route comme c\u0027est d\u00e9j\u00e0 arriv\u00e9 sur d\u0027autres parcours \ud83d\ude05. Mplc \ud83c\udf38","idcache":"518"}]