[{"command":"add_css","data":[{"rel":"stylesheet","media":"all","href":"\/sites\/default\/files\/css\/css_n-DeTxTHNQD1b9Uat1C8nQSzdUVdUUBiPiS8l1zwdDY.css?delta=0\u0026language=es\u0026theme=terra\u0026include=eJwrSS0qStTPKi0uyUzLTE1xT8zJSS2qBABl8wjl"}]},{"command":"add_js","selector":"body","data":[{"src":"\/sites\/default\/files\/js\/js_TVtlySe3dP7KefTeOPY1GI5jd-AzaDHcLVMeAMbU7GE.js?scope=footer\u0026delta=0\u0026language=es\u0026theme=terra\u0026include=eJwrSS0qStTPKi0uyUzLTE1xT8zJSS2qBABl8wjl"}]},{"command":"readMessage","commentaire":"\n\n\n\u003Cdiv class=\u0022row\u0022\u003E\n\n  \u003Cdiv\n    class=\u0022column small-12 profile--caches-item cache--founded cache-found\u0022\u003E\n    \u003Cdiv class=\u0022row align-middle collapse\u0022\u003E\n      \u003Cdiv class=\u0022column shrink poiz-medaillon--medium medaillon--left img-theme\u0022\u003E\u003Cimg src=\u0022https:\/\/cdn.terra-aventura.fr\/cdn\/ff\/7MsgeJX9hBZjd5GUAocAW8Jh2Y92miwrjy4F1Z7fnGo\/1494423359\/public\/themes_list\/imgList_zarthus.png\u0022\/\u003E\u003C\/div\u003E\n      \u003Cdiv class=\u0022column\u0022\u003E\n        \u003Ch3 class=\u0022no-margin-b\u0022\u003EDe Saint-Cr\u00e9pin \u00e0 Carlucet, p\u00e9pites du P\u00e9rigord Noir \u003C\/h3\u003E\n                \u003Cp class=\u0022text-right no-margin\u0022\u003E\n          \u003Ca href=\u0022\/es\/node\/339\u0022\n             class=\u0022t-family-secondary t-size-strong\u0022\u003EVer el itinerario\u003C\/a\u003E\n                  \u003C\/p\u003E\n      \u003C\/div\u003E\n    \u003C\/div\u003E\n  \u003C\/div\u003E\n\n  \u003Cdiv class=\u0022column small-12\u0022\u003E\n    \u003Chr class=\u0022primary-strong\u0022\u003E\n\n    \u003Ch4 class=\u0022text-color-primary-strong no-margin\u0022\u003EMis aventuras\u003C\/h4\u003E\n    \u003Cspan class=\u0022t-size-small\u0022\u003E15 Abr 2026\u003C\/span\u003E\n\n    \u003Chr class=\u0022clear\u0022\u003E\n\n    \n      \u003Cp class=\u0022t-size-body no-margin\u0022\u003E\n\n                \n        Mplc. Attention pas de parking. Le parking initialement pr\u00e9vu est le parking d\u0026#039;un restaurant. Les propri\u00e9taires virent sans m\u00e9nagement et avec des insultes quiconque viendrait ce garer sur c...\n\n      \u003C\/p\u003E\n\n              \u003Cp class=\u0022no-margin-t\u0022\u003E\n          \u003Ca data-open=\u0022moreComment\u0022 class=\u0022t-family-secondary t-size-medium\u0022\u003ESeguir leyendo\u003C\/a\u003E\n        \u003C\/p\u003E\n\n        \u003Cdiv class=\u0022reveal large\u0022 id=\u0022moreComment\u0022 data-reveal data-close-on-click=\u0022false\u0022 data-close-on-esc=\u0022false\u0022\n             data-animation-in=\u0022slide-in-down\u0022 data-animation-out=\u0022slide-out-up\u0022\u003E\n          \u003Cdiv class=\u0022reveal-title\u0022\u003EMis aventuras\u003C\/div\u003E\n\n          \u003Cdiv class=\u0022reveal-content\u0022\u003E\n                          Mplc. Attention pas de parking. Le parking initialement pr\u00e9vu est le parking d\u0027un restaurant. Les propri\u00e9taires virent sans m\u00e9nagement et avec des insultes quiconque viendrait ce garer sur ce parking. Idem pour la population. La population ne veut personne dans son village. Il a \u00e9galement un GR qui passe dans le village de Carlucet et la population veut sa fermeture ainsi que la fermeture de tous les chemins..... J\u0027ai contact\u00e9 l\u0027OT qui envisage s\u00e9rieusement la fermeture du parcours                       \u003C\/div\u003E\n          \u003Cbutton class=\u0022close-button\u0022 data-close aria-label=\u0022Close modal\u0022 type=\u0022button\u0022\u003E\n            \u003Cspan aria-hidden=\u0022true\u0022\u003E\u0026times;\u003C\/span\u003E\n          \u003C\/button\u003E\n        \u003C\/div\u003E\n      \n    \n    \u003Chr class=\u0022primary-strong no-margin-t\u0022\u003E\n\n    \u003Ch4\u003EMis fotos \u003Cstrong\u003E(0)\u003C\/strong\u003E\u003C\/h4\u003E\n\n                  \u003Cp class=\u0022t-size-body no-margin-t\u0022\u003E\n                      Cath @ Steph no ha a\u00f1adido fotos a este itinerario                  \u003C\/p\u003E\n            \u003C\/div\u003E\n\n\u003C\/div\u003E\n","commentaire_text":"Mplc. Attention pas de parking. Le parking initialement pr\u00e9vu est le parking d\u0027un restaurant. Les propri\u00e9taires virent sans m\u00e9nagement et avec des insultes quiconque viendrait ce garer sur ce parking. Idem pour la population. La population ne veut personne dans son village. Il a \u00e9galement un GR qui passe dans le village de Carlucet et la population veut sa fermeture ainsi que la fermeture de tous les chemins..... J\u0027ai contact\u00e9 l\u0027OT qui envisage s\u00e9rieusement la fermeture du parcours","idcache":"339"}]