[{"command":"add_css","data":[{"rel":"stylesheet","media":"all","href":"\/sites\/default\/files\/css\/css_n-DeTxTHNQD1b9Uat1C8nQSzdUVdUUBiPiS8l1zwdDY.css?delta=0\u0026language=es\u0026theme=terra\u0026include=eJwrSS0qStTPKi0uyUzLTE1xT8zJSS2qBABl8wjl"}]},{"command":"add_js","selector":"body","data":[{"src":"\/sites\/default\/files\/js\/js_TVtlySe3dP7KefTeOPY1GI5jd-AzaDHcLVMeAMbU7GE.js?scope=footer\u0026delta=0\u0026language=es\u0026theme=terra\u0026include=eJwrSS0qStTPKi0uyUzLTE1xT8zJSS2qBABl8wjl"}]},{"command":"readMessage","commentaire":"\n\n\n\u003Cdiv class=\u0022row\u0022\u003E\n\n  \u003Cdiv\n    class=\u0022column small-12 profile--caches-item cache--founded cache-found\u0022\u003E\n    \u003Cdiv class=\u0022row align-middle collapse\u0022\u003E\n      \u003Cdiv class=\u0022column shrink poiz-medaillon--medium medaillon--left img-theme\u0022\u003E\u003Cimg src=\u0022https:\/\/cdn.terra-aventura.fr\/cdn\/ff\/OpDz5z1fPANwtBUYaz4DpHvAbCuT-K3K8ntGhTGA7uM\/1494423359\/public\/themes_list\/imgList_zeroik.png\u0022\/\u003E\u003C\/div\u003E\n      \u003Cdiv class=\u0022column\u0022\u003E\n        \u003Ch3 class=\u0022no-margin-b\u0022\u003ELes contemplations de Saint Robert\u003C\/h3\u003E\n                \u003Cp class=\u0022text-right no-margin\u0022\u003E\n          \u003Ca href=\u0022\/es\/node\/123\u0022\n             class=\u0022t-family-secondary t-size-strong\u0022\u003EVer el itinerario\u003C\/a\u003E\n                  \u003C\/p\u003E\n      \u003C\/div\u003E\n    \u003C\/div\u003E\n  \u003C\/div\u003E\n\n  \u003Cdiv class=\u0022column small-12\u0022\u003E\n    \u003Chr class=\u0022primary-strong\u0022\u003E\n\n    \u003Ch4 class=\u0022text-color-primary-strong no-margin\u0022\u003EMis aventuras\u003C\/h4\u003E\n    \u003Cspan class=\u0022t-size-small\u0022\u003E25 Ago 2022\u003C\/span\u003E\n\n    \u003Chr class=\u0022clear\u0022\u003E\n\n    \n      \u003Cp class=\u0022t-size-body no-margin\u0022\u003E\n\n                \n        Beau point de vue au d\u00e9but de la cache. Beau petit village. Cependant, peu de questions et une o\u00f9 le panneau \u00e0 trouver n\u0027est pas indiqu\u00e9 (je ne l\u0027ai pas trouv\u00e9, r\u00e9ponse au hasard). \n\nMPLC\n\n      \u003C\/p\u003E\n\n              \u003Chr class=\u0022clear no-margin-t\u0022\u003E\n      \n    \n    \u003Chr class=\u0022primary-strong no-margin-t\u0022\u003E\n\n    \u003Ch4\u003EMis fotos \u003Cstrong\u003E(0)\u003C\/strong\u003E\u003C\/h4\u003E\n\n                  \u003Cp class=\u0022t-size-body no-margin-t\u0022\u003E\n                      EfenSaex no ha a\u00f1adido fotos a este itinerario                  \u003C\/p\u003E\n            \u003C\/div\u003E\n\n\u003C\/div\u003E\n","commentaire_text":"Beau point de vue au d\u00e9but de la cache. Beau petit village. Cependant, peu de questions et une o\u00f9 le panneau \u00e0 trouver n\u0027est pas indiqu\u00e9 (je ne l\u0027ai pas trouv\u00e9, r\u00e9ponse au hasard). \u003Cbr \/\u003E\n\u003Cbr \/\u003E\nMPLC","idcache":"123"}]