[{"command":"add_css","data":[{"rel":"stylesheet","media":"all","href":"\/sites\/default\/files\/css\/css_n-DeTxTHNQD1b9Uat1C8nQSzdUVdUUBiPiS8l1zwdDY.css?delta=0\u0026language=en\u0026theme=terra\u0026include=eJwrSS0qStTPKi0uyUzLTE1xT8zJSS2qBABl8wjl"}]},{"command":"add_js","selector":"body","data":[{"src":"\/sites\/default\/files\/js\/js_TVtlySe3dP7KefTeOPY1GI5jd-AzaDHcLVMeAMbU7GE.js?scope=footer\u0026delta=0\u0026language=en\u0026theme=terra\u0026include=eJwrSS0qStTPKi0uyUzLTE1xT8zJSS2qBABl8wjl"}]},{"command":"readMessage","commentaire":"\n\n\n\u003Cdiv class=\u0022row\u0022\u003E\n\n  \u003Cdiv\n    class=\u0022column small-12 profile--caches-item cache--founded cache-found\u0022\u003E\n    \u003Cdiv class=\u0022row align-middle collapse\u0022\u003E\n      \u003Cdiv class=\u0022column shrink poiz-medaillon--medium medaillon--left img-theme\u0022\u003E\u003Cimg src=\u0022https:\/\/cdn.terra-aventura.fr\/cdn\/ff\/n79MkcdQZbzUIJDgkRfsxar6Zvx4O9aQb72neQxaB8c\/1494423359\/public\/actu\/imgList_zelle.png\u0022\/\u003E\u003C\/div\u003E\n      \u003Cdiv class=\u0022column\u0022\u003E\n        \u003Ch3 class=\u0022no-margin-b\u0022\u003EOn the Wolf Fairy\u2019s trail\u003C\/h3\u003E\n                \u003Cp class=\u0022text-right no-margin\u0022\u003E\n          \u003Ca href=\u0022\/en\/caches\/wolf-fairys-trail\u0022\n             class=\u0022t-family-secondary t-size-strong\u0022\u003ESee the course\u003C\/a\u003E\n                  \u003C\/p\u003E\n      \u003C\/div\u003E\n    \u003C\/div\u003E\n  \u003C\/div\u003E\n\n  \u003Cdiv class=\u0022column small-12\u0022\u003E\n    \u003Chr class=\u0022primary-strong\u0022\u003E\n\n    \u003Ch4 class=\u0022text-color-primary-strong no-margin\u0022\u003EMy adventure\u003C\/h4\u003E\n    \u003Cspan class=\u0022t-size-small\u0022\u003E16 Juil 2025\u003C\/span\u003E\n\n    \u003Chr class=\u0022clear\u0022\u003E\n\n    \n      \u003Cp class=\u0022t-size-body no-margin\u0022\u003E\n\n                \n        aucun int\u00e9r\u00eat! aucune histoire ne nous est racont\u00e9e autour de ce Poi\u0027z \nJe n\u0027ai rien appris ici. Et la ville ne se d\u00e9marque pas ni de Meyssac ni de Colonges la Rouge.\npassez votre chemin ...\n\n      \u003C\/p\u003E\n\n              \u003Chr class=\u0022clear no-margin-t\u0022\u003E\n      \n    \n    \u003Chr class=\u0022primary-strong no-margin-t\u0022\u003E\n\n    \u003Ch4\u003EMy photos \u003Cstrong\u003E(0)\u003C\/strong\u003E\u003C\/h4\u003E\n\n                  \u003Cp class=\u0022t-size-body no-margin-t\u0022\u003E\n                      Willy la science n\u0027a pas ajout\u00e9 de photos \u00e0 ce parcours...                  \u003C\/p\u003E\n            \u003C\/div\u003E\n\n\u003C\/div\u003E\n","commentaire_text":"aucun int\u00e9r\u00eat! aucune histoire ne nous est racont\u00e9e autour de ce Poi\u0027z \u003Cbr \/\u003E\nJe n\u0027ai rien appris ici. Et la ville ne se d\u00e9marque pas ni de Meyssac ni de Colonges la Rouge.\u003Cbr \/\u003E\npassez votre chemin ...","idcache":"92"}]