[{"command":"add_css","data":[{"rel":"stylesheet","media":"all","href":"\/sites\/default\/files\/css\/css_n-DeTxTHNQD1b9Uat1C8nQSzdUVdUUBiPiS8l1zwdDY.css?delta=0\u0026language=en\u0026theme=terra\u0026include=eJwrSS0qStTPKi0uyUzLTE1xT8zJSS2qBABl8wjl"}]},{"command":"add_js","selector":"body","data":[{"src":"\/sites\/default\/files\/js\/js_TVtlySe3dP7KefTeOPY1GI5jd-AzaDHcLVMeAMbU7GE.js?scope=footer\u0026delta=0\u0026language=en\u0026theme=terra\u0026include=eJwrSS0qStTPKi0uyUzLTE1xT8zJSS2qBABl8wjl"}]},{"command":"readMessage","commentaire":"\n\n\n\u003Cdiv class=\u0022row\u0022\u003E\n\n  \u003Cdiv\n    class=\u0022column small-12 profile--caches-item cache--founded cache-found is-inactive\u0022\u003E\n    \u003Cdiv class=\u0022row align-middle collapse\u0022\u003E\n      \u003Cdiv class=\u0022column shrink poiz-medaillon--medium medaillon--left img-theme\u0022\u003E\u003Cimg src=\u0022https:\/\/cdn.terra-aventura.fr\/cdn\/ff\/ARiS4A3AnPAy5id4bt2ZQUI7I4fMky9gnSGXuEFyR00\/1494423358\/public\/actu\/imgList_zamela.png\u0022\/\u003E\u003C\/div\u003E\n      \u003Cdiv class=\u0022column\u0022\u003E\n        \u003Ch3 class=\u0022no-margin-b\u0022\u003ECordouan en v.u.e !\u003C\/h3\u003E\n                \u003Cp class=\u0022no-margin\u0022\u003E\n          \u003Cspan class=\u0022profile-parcours-inactive\u0022\u003EParcours archiv\u00e9\u003C\/span\u003E                  \u003C\/p\u003E\n      \u003C\/div\u003E\n    \u003C\/div\u003E\n  \u003C\/div\u003E\n\n  \u003Cdiv class=\u0022column small-12\u0022\u003E\n    \u003Chr class=\u0022primary-strong\u0022\u003E\n\n    \u003Ch4 class=\u0022text-color-primary-strong no-margin\u0022\u003EMy adventure\u003C\/h4\u003E\n    \u003Cspan class=\u0022t-size-small\u0022\u003E24 oct 2021\u003C\/span\u003E\n\n    \u003Chr class=\u0022clear\u0022\u003E\n\n    \n      \u003Cp class=\u0022t-size-body no-margin\u0022\u003E\n\n                \n        Ce n\u0026#039;est pas au FAR-west que nous partions aujourd\u0026#039;hui mais au PHARE de Royan \/ Le verdon. Nous \u00e9tions bien \u00e9quip\u00e9s avec notre FARdeau : un pique-nique pour le midi o\u00f9 nous nous sommes FARci...\n\n      \u003C\/p\u003E\n\n              \u003Cp class=\u0022no-margin-t\u0022\u003E\n          \u003Ca data-open=\u0022moreComment\u0022 class=\u0022t-family-secondary t-size-medium\u0022\u003ELire la suite\u003C\/a\u003E\n        \u003C\/p\u003E\n\n        \u003Cdiv class=\u0022reveal large\u0022 id=\u0022moreComment\u0022 data-reveal data-close-on-click=\u0022false\u0022 data-close-on-esc=\u0022false\u0022\n             data-animation-in=\u0022slide-in-down\u0022 data-animation-out=\u0022slide-out-up\u0022\u003E\n          \u003Cdiv class=\u0022reveal-title\u0022\u003EMy adventure\u003C\/div\u003E\n\n          \u003Cdiv class=\u0022reveal-content\u0022\u003E\n                          Ce n\u0027est pas au FAR-west que nous partions aujourd\u0027hui mais au PHARE de Royan \/ Le verdon. Nous \u00e9tions bien \u00e9quip\u00e9s avec notre FARdeau : un pique-nique pour le midi o\u00f9 nous nous sommes FARcis un bon repas compos\u00e9 de FAJitas, de FARfalles, de truites FARio de chocolat FARineux et pour le dessert du FAR breton et de la tarte \u00e0 la FARlouche accompagn\u00e9 de FARo.\u003Cbr \/\u003E\r\nNous avons piqu\u00e9 un FARd devant les nageuses de la carte postale.\u003Cbr \/\u003E\r\nNous avons \u00e9cout\u00e9 les FARiboles de Zamela qui confond carrelets et cannel\u00e9s et la FARaude Zabeth, toujours pr\u00eate \u00e0 partager ses connaissances.\u003Cbr \/\u003E\r\nLe prix de la travers\u00e9e n\u0027\u00e9tait pas FARamineux et nous n\u0027avons m\u00eame pas eu besoin de notre mallette PHARmaceutique, pas de mal en mer, le bateau et la mer sont tranquilles.\u003Cbr \/\u003E\r\nLe FARfadet Zescro nous a fait une FARce durant cette travers\u00e9e mais il a \u00e9t\u00e9 oblig\u00e9 de se soumettre devant son FARouche adversaire, nous avons facilement trouv\u00e9 la r\u00e9ponse en pensant aux PHARaons !\u003Cbr \/\u003E\r\nApr\u00e8s avoir bien FARfouill\u00e9 parmi les FARdoches, nous avons fini par trouv\u00e9 la cache FARfelue , emplis de joie, nous avons alors dans\u00e9 la FARandole.  Nous avons ensuite profit\u00e9 d\u0027un peu de FARniente bien m\u00e9rit\u00e9 au son des FARlouses apr\u00e8s cette aventure PHARaonique.                       \u003C\/div\u003E\n          \u003Cbutton class=\u0022close-button\u0022 data-close aria-label=\u0022Close modal\u0022 type=\u0022button\u0022\u003E\n            \u003Cspan aria-hidden=\u0022true\u0022\u003E\u0026times;\u003C\/span\u003E\n          \u003C\/button\u003E\n        \u003C\/div\u003E\n      \n    \n    \u003Chr class=\u0022primary-strong no-margin-t\u0022\u003E\n\n    \u003Ch4\u003EMy photos \u003Cstrong\u003E(1)\u003C\/strong\u003E\u003C\/h4\u003E\n\n          \u003Cdiv class=\u0022best-photo--gallery js-gallery-justified no-margin\u0022\u003E\n                  \u003Ca href=\u0022https:\/\/cdn.terra-aventura.fr\/cdn\/ff\/Syy9eSD47CuKvn3iwUbX3MEHnczWyd88T30AN9BmfZw\/1730488081\/public\/caches_commentaires\/2021-10\/cordouan-en-vue-334435-0.jpg\u0022 class=\u0022colorbox best-photo--link\u0022 data-colorbox-gallery=\u0022best-photo\u0022\u003E\n            \u003Cimg src=\u0022https:\/\/cdn.terra-aventura.fr\/sites\/default\/files\/styles\/fiche_cache_apercu_upload_photo_commentaire\/public\/caches_commentaires\/2021-10\/cordouan-en-vue-334435-0.jpg?itok=1cM5KZKG\u0022\n                 class=\u0022best-photo--img\u0022\/\u003E\n          \u003C\/a\u003E\n              \u003C\/div\u003E\n      \u003C\/div\u003E\n\n\u003C\/div\u003E\n","commentaire_text":"Ce n\u0027est pas au FAR-west que nous partions aujourd\u0027hui mais au PHARE de Royan \/ Le verdon. Nous \u00e9tions bien \u00e9quip\u00e9s avec notre FARdeau : un pique-nique pour le midi o\u00f9 nous nous sommes FARcis un bon repas compos\u00e9 de FAJitas, de FARfalles, de truites FARio de chocolat FARineux et pour le dessert du FAR breton et de la tarte \u00e0 la FARlouche accompagn\u00e9 de FARo.\u003Cbr \/\u003E\r\nNous avons piqu\u00e9 un FARd devant les nageuses de la carte postale.\u003Cbr \/\u003E\r\nNous avons \u00e9cout\u00e9 les FARiboles de Zamela qui confond carrelets et cannel\u00e9s et la FARaude Zabeth, toujours pr\u00eate \u00e0 partager ses connaissances.\u003Cbr \/\u003E\r\nLe prix de la travers\u00e9e n\u0027\u00e9tait pas FARamineux et nous n\u0027avons m\u00eame pas eu besoin de notre mallette PHARmaceutique, pas de mal en mer, le bateau et la mer sont tranquilles.\u003Cbr \/\u003E\r\nLe FARfadet Zescro nous a fait une FARce durant cette travers\u00e9e mais il a \u00e9t\u00e9 oblig\u00e9 de se soumettre devant son FARouche adversaire, nous avons facilement trouv\u00e9 la r\u00e9ponse en pensant aux PHARaons !\u003Cbr \/\u003E\r\nApr\u00e8s avoir bien FARfouill\u00e9 parmi les FARdoches, nous avons fini par trouv\u00e9 la cache FARfelue , emplis de joie, nous avons alors dans\u00e9 la FARandole.  Nous avons ensuite profit\u00e9 d\u0027un peu de FARniente bien m\u00e9rit\u00e9 au son des FARlouses apr\u00e8s cette aventure PHARaonique.","idcache":"787"}]