[{"command":"add_css","data":[{"rel":"stylesheet","media":"all","href":"\/sites\/default\/files\/css\/css_n-DeTxTHNQD1b9Uat1C8nQSzdUVdUUBiPiS8l1zwdDY.css?delta=0\u0026language=en\u0026theme=terra\u0026include=eJwrSS0qStTPKi0uyUzLTE1xT8zJSS2qBABl8wjl"}]},{"command":"add_js","selector":"body","data":[{"src":"\/sites\/default\/files\/js\/js_TVtlySe3dP7KefTeOPY1GI5jd-AzaDHcLVMeAMbU7GE.js?scope=footer\u0026delta=0\u0026language=en\u0026theme=terra\u0026include=eJwrSS0qStTPKi0uyUzLTE1xT8zJSS2qBABl8wjl"}]},{"command":"readMessage","commentaire":"\n\n\n\u003Cdiv class=\u0022row\u0022\u003E\n\n  \u003Cdiv\n    class=\u0022column small-12 profile--caches-item cache--founded cache-found\u0022\u003E\n    \u003Cdiv class=\u0022row align-middle collapse\u0022\u003E\n      \u003Cdiv class=\u0022column shrink poiz-medaillon--medium medaillon--left img-theme\u0022\u003E\u003Cimg src=\u0022https:\/\/cdn.terra-aventura.fr\/cdn\/ff\/OpDz5z1fPANwtBUYaz4DpHvAbCuT-K3K8ntGhTGA7uM\/1494423359\/public\/themes_list\/imgList_zeroik.png\u0022\/\u003E\u003C\/div\u003E\n      \u003Cdiv class=\u0022column\u0022\u003E\n        \u003Ch3 class=\u0022no-margin-b\u0022\u003EKnights of Bandiat\u003C\/h3\u003E\n                \u003Cp class=\u0022text-right no-margin\u0022\u003E\n          \u003Ca href=\u0022\/en\/caches\/knights-bandiat\u0022\n             class=\u0022t-family-secondary t-size-strong\u0022\u003ESee the course\u003C\/a\u003E\n                  \u003C\/p\u003E\n      \u003C\/div\u003E\n    \u003C\/div\u003E\n  \u003C\/div\u003E\n\n  \u003Cdiv class=\u0022column small-12\u0022\u003E\n    \u003Chr class=\u0022primary-strong\u0022\u003E\n\n    \u003Ch4 class=\u0022text-color-primary-strong no-margin\u0022\u003EMy adventure\u003C\/h4\u003E\n    \u003Cspan class=\u0022t-size-small\u0022\u003E21 juin 2017\u003C\/span\u003E\n\n    \u003Chr class=\u0022clear\u0022\u003E\n\n    \n      \u003Cp class=\u0022t-size-body no-margin\u0022\u003E\n\n                \n        belle balade effectu\u00e9e en matin\u00e9e pour \u00e9chapper aux fortes chaleurs...\r\nl\u0026#039;\u00e9glise aurait besoin d\u0026#039;\u00eatre restaur\u00e9e... merci pour nous avoir fait d\u00e9couvrir ce village... une \u00e9nigme (B) n\u0026#039;est pas...\n\n      \u003C\/p\u003E\n\n              \u003Cp class=\u0022no-margin-t\u0022\u003E\n          \u003Ca data-open=\u0022moreComment\u0022 class=\u0022t-family-secondary t-size-medium\u0022\u003ELire la suite\u003C\/a\u003E\n        \u003C\/p\u003E\n\n        \u003Cdiv class=\u0022reveal large\u0022 id=\u0022moreComment\u0022 data-reveal data-close-on-click=\u0022false\u0022 data-close-on-esc=\u0022false\u0022\n             data-animation-in=\u0022slide-in-down\u0022 data-animation-out=\u0022slide-out-up\u0022\u003E\n          \u003Cdiv class=\u0022reveal-title\u0022\u003EMy adventure\u003C\/div\u003E\n\n          \u003Cdiv class=\u0022reveal-content\u0022\u003E\n                          belle balade effectu\u00e9e en matin\u00e9e pour \u00e9chapper aux fortes chaleurs...\u003Cbr \/\u003E\r\nl\u0027\u00e9glise aurait besoin d\u0027\u00eatre restaur\u00e9e... merci pour nous avoir fait d\u00e9couvrir ce village... une \u00e9nigme (B) n\u0027est pas \u00e9vidente... MPLC                       \u003C\/div\u003E\n          \u003Cbutton class=\u0022close-button\u0022 data-close aria-label=\u0022Close modal\u0022 type=\u0022button\u0022\u003E\n            \u003Cspan aria-hidden=\u0022true\u0022\u003E\u0026times;\u003C\/span\u003E\n          \u003C\/button\u003E\n        \u003C\/div\u003E\n      \n    \n    \u003Chr class=\u0022primary-strong no-margin-t\u0022\u003E\n\n    \u003Ch4\u003EMy photos \u003Cstrong\u003E(6)\u003C\/strong\u003E\u003C\/h4\u003E\n\n          \u003Cdiv class=\u0022best-photo--gallery js-gallery-justified no-margin\u0022\u003E\n                  \u003Ca href=\u0022https:\/\/cdn.terra-aventura.fr\/cdn\/ff\/DFsd8wWtvGiVoURzEzRjrqw96Y7QMwhozlPnumFjwqg\/1730504885\/public\/caches_commentaires\/2017-06\/les-chevaliers-du-bandiat-alainetanneb2202.jpg\u0022 class=\u0022colorbox best-photo--link\u0022 data-colorbox-gallery=\u0022best-photo\u0022\u003E\n            \u003Cimg src=\u0022https:\/\/cdn.terra-aventura.fr\/cdn\/ff\/Ylw3EDQQNCkSc1zZA_fJ5BRLQUUeZ_4q2WrEgWw8rAM\/1758578796\/public\/styles\/fiche_cache_apercu_upload_photo_commentaire\/public\/caches_commentaires\/2017-06\/les-chevaliers-du-bandiat-alainetanneb2202.jpg?itok=AIpKy5AX\u0022\n                 class=\u0022best-photo--img\u0022\/\u003E\n          \u003C\/a\u003E\n                  \u003Ca href=\u0022https:\/\/cdn.terra-aventura.fr\/cdn\/ff\/E2_bfwZWMXnv2EbhTF_CFDfb7Rd7LKiRv6i7jhW7oeM\/1730504885\/public\/caches_commentaires\/2017-06\/les-chevaliers-du-bandiat-alainetanneb2206.jpg\u0022 class=\u0022colorbox best-photo--link\u0022 data-colorbox-gallery=\u0022best-photo\u0022\u003E\n            \u003Cimg src=\u0022https:\/\/cdn.terra-aventura.fr\/cdn\/ff\/udEmJ1kOva1mGKUOGJQUlkS2HSQ4w400puherSNNzAc\/1758578796\/public\/styles\/fiche_cache_apercu_upload_photo_commentaire\/public\/caches_commentaires\/2017-06\/les-chevaliers-du-bandiat-alainetanneb2206.jpg?itok=l4h6YSsF\u0022\n                 class=\u0022best-photo--img\u0022\/\u003E\n          \u003C\/a\u003E\n                  \u003Ca href=\u0022https:\/\/cdn.terra-aventura.fr\/cdn\/ff\/n-Bll2h084t9AeQTimhgG_uyJmHEjCOEzAgDFopBO1o\/1730504885\/public\/caches_commentaires\/2017-06\/les-chevaliers-du-bandiat-alainetanneb2210.jpg\u0022 class=\u0022colorbox best-photo--link\u0022 data-colorbox-gallery=\u0022best-photo\u0022\u003E\n            \u003Cimg src=\u0022https:\/\/cdn.terra-aventura.fr\/cdn\/ff\/5zRYcU0Ui95-XIpqSbLX8uZcS3Y7a-Majq7wbKmBu94\/1758578796\/public\/styles\/fiche_cache_apercu_upload_photo_commentaire\/public\/caches_commentaires\/2017-06\/les-chevaliers-du-bandiat-alainetanneb2210.jpg?itok=P-CmXjsS\u0022\n                 class=\u0022best-photo--img\u0022\/\u003E\n          \u003C\/a\u003E\n                  \u003Ca href=\u0022https:\/\/cdn.terra-aventura.fr\/cdn\/ff\/ecP4SbXMGfgDXUx5WdIi-cMyCJkO6R2FCzfXeOTBrKA\/1730504885\/public\/caches_commentaires\/2017-06\/les-chevaliers-du-bandiat-alainetanneb2216.jpg\u0022 class=\u0022colorbox best-photo--link\u0022 data-colorbox-gallery=\u0022best-photo\u0022\u003E\n            \u003Cimg src=\u0022https:\/\/cdn.terra-aventura.fr\/cdn\/ff\/hXKOKs6VGgwhJAaw5SZq96uBEGHjOJ_P4hl3_bivPCU\/1758578796\/public\/styles\/fiche_cache_apercu_upload_photo_commentaire\/public\/caches_commentaires\/2017-06\/les-chevaliers-du-bandiat-alainetanneb2216.jpg?itok=0uEEi-Es\u0022\n                 class=\u0022best-photo--img\u0022\/\u003E\n          \u003C\/a\u003E\n                  \u003Ca href=\u0022https:\/\/cdn.terra-aventura.fr\/cdn\/ff\/AsF7N0jfq-dJnRlJuZDDVvrnHN4wKGB-lDpBgJrWzwg\/1730504885\/public\/caches_commentaires\/2017-06\/les-chevaliers-du-bandiat-alainetanneb2217.jpg\u0022 class=\u0022colorbox best-photo--link\u0022 data-colorbox-gallery=\u0022best-photo\u0022\u003E\n            \u003Cimg src=\u0022https:\/\/cdn.terra-aventura.fr\/cdn\/ff\/34ch52pGVYcfhFN920KIqthni-wq2jvmn8xbtPbDnV0\/1758578796\/public\/styles\/fiche_cache_apercu_upload_photo_commentaire\/public\/caches_commentaires\/2017-06\/les-chevaliers-du-bandiat-alainetanneb2217.jpg?itok=wfOUjVsg\u0022\n                 class=\u0022best-photo--img\u0022\/\u003E\n          \u003C\/a\u003E\n                  \u003Ca href=\u0022https:\/\/cdn.terra-aventura.fr\/cdn\/ff\/L8gxyaor1sFHqOKvC7iVW0b-CHREf1mWx-y50tOhxpc\/1730504885\/public\/caches_commentaires\/2017-06\/les-chevaliers-du-bandiat-alainetanneb2213.jpg\u0022 class=\u0022colorbox best-photo--link\u0022 data-colorbox-gallery=\u0022best-photo\u0022\u003E\n            \u003Cimg src=\u0022https:\/\/cdn.terra-aventura.fr\/cdn\/ff\/VLIJnOhcfAzh1-OlaoctkaFmXggFZhwP1g82oAoiAX0\/1758578796\/public\/styles\/fiche_cache_apercu_upload_photo_commentaire\/public\/caches_commentaires\/2017-06\/les-chevaliers-du-bandiat-alainetanneb2213.jpg?itok=IyM2yoYd\u0022\n                 class=\u0022best-photo--img\u0022\/\u003E\n          \u003C\/a\u003E\n              \u003C\/div\u003E\n      \u003C\/div\u003E\n\n\u003C\/div\u003E\n","commentaire_text":"belle balade effectu\u00e9e en matin\u00e9e pour \u00e9chapper aux fortes chaleurs...\u003Cbr \/\u003E\r\nl\u0027\u00e9glise aurait besoin d\u0027\u00eatre restaur\u00e9e... merci pour nous avoir fait d\u00e9couvrir ce village... une \u00e9nigme (B) n\u0027est pas \u00e9vidente... MPLC","idcache":"199"}]