[{"command":"add_css","data":[{"rel":"stylesheet","media":"all","href":"\/sites\/default\/files\/css\/css_n-DeTxTHNQD1b9Uat1C8nQSzdUVdUUBiPiS8l1zwdDY.css?delta=0\u0026language=de\u0026theme=terra\u0026include=eJwrSS0qStTPKi0uyUzLTE1xT8zJSS2qBABl8wjl"}]},{"command":"add_js","selector":"body","data":[{"src":"\/sites\/default\/files\/js\/js_TVtlySe3dP7KefTeOPY1GI5jd-AzaDHcLVMeAMbU7GE.js?scope=footer\u0026delta=0\u0026language=de\u0026theme=terra\u0026include=eJwrSS0qStTPKi0uyUzLTE1xT8zJSS2qBABl8wjl"}]},{"command":"readMessage","commentaire":"\n\n\n\u003Cdiv class=\u0022row\u0022\u003E\n\n  \u003Cdiv\n    class=\u0022column small-12 profile--caches-item cache--founded cache-found\u0022\u003E\n    \u003Cdiv class=\u0022row align-middle collapse\u0022\u003E\n      \u003Cdiv class=\u0022column shrink poiz-medaillon--medium medaillon--left img-theme\u0022\u003E\u003Cimg src=\u0022https:\/\/cdn.terra-aventura.fr\/cdn\/ff\/5Mgkve-jN0AZPkaDqAP5hOxwj0PHXdKP5ybd9ORRMh8\/1494423359\/public\/themes_list\/imgList_zisseo.png\u0022\/\u003E\u003C\/div\u003E\n      \u003Cdiv class=\u0022column\u0022\u003E\n        \u003Ch3 class=\u0022no-margin-b\u0022\u003EAn den T\u00fcrmen von La Rochelle\u003C\/h3\u003E\n                \u003Cp class=\u0022text-right no-margin\u0022\u003E\n          \u003Ca href=\u0022\/de\/caches\/den-tuermen-von-la-rochelle\u0022\n             class=\u0022t-family-secondary t-size-strong\u0022\u003EVoir le parcours\u003C\/a\u003E\n                  \u003C\/p\u003E\n      \u003C\/div\u003E\n    \u003C\/div\u003E\n  \u003C\/div\u003E\n\n  \u003Cdiv class=\u0022column small-12\u0022\u003E\n    \u003Chr class=\u0022primary-strong\u0022\u003E\n\n    \u003Ch4 class=\u0022text-color-primary-strong no-margin\u0022\u003EMon carnet d\u0027aventures\u003C\/h4\u003E\n    \u003Cspan class=\u0022t-size-small\u0022\u003E02 Aug. 2024\u003C\/span\u003E\n\n    \u003Chr class=\u0022clear\u0022\u003E\n\n    \n      \u003Cp class=\u0022t-size-body no-margin\u0022\u003E\n\n                \n        j\u0027ai ador\u00e9 revisiter cette ville connue gr\u00e2ce \u00e0 mon ch\u00e9ri\n\n      \u003C\/p\u003E\n\n              \u003Chr class=\u0022clear no-margin-t\u0022\u003E\n      \n    \n    \u003Chr class=\u0022primary-strong no-margin-t\u0022\u003E\n\n    \u003Ch4\u003EMeine Fotos \u003Cstrong\u003E(5)\u003C\/strong\u003E\u003C\/h4\u003E\n\n          \u003Cdiv class=\u0022best-photo--gallery js-gallery-justified no-margin\u0022\u003E\n                  \u003Ca href=\u0022https:\/\/cdn.terra-aventura.fr\/cdn\/ff\/OpvjbRyG4wmyrW5bGb0cuQxr5DF0MRnJSoYhjJihS50\/1730472206\/public\/caches_commentaires\/2024-08\/8263422-aux-tours-de-la-rochelle-1198422-204-0.jpg\u0022 class=\u0022colorbox best-photo--link\u0022 data-colorbox-gallery=\u0022best-photo\u0022\u003E\n            \u003Cimg src=\u0022https:\/\/cdn.terra-aventura.fr\/cdn\/ff\/jX7Ah3fQI9lSkiGaUYrvXU4l4acaMbYXwU-PnrtzYOk\/1762701905\/public\/styles\/fiche_cache_apercu_upload_photo_commentaire\/public\/caches_commentaires\/2024-08\/8263422-aux-tours-de-la-rochelle-1198422-204-0.jpg?itok=G_do3FA0\u0022\n                 class=\u0022best-photo--img\u0022\/\u003E\n          \u003C\/a\u003E\n                  \u003Ca href=\u0022https:\/\/cdn.terra-aventura.fr\/cdn\/ff\/Kq6TjniWox8Lz8NhwjnehVoTBEDIUTCBPEqyVOB85aU\/1730472206\/public\/caches_commentaires\/2024-08\/8263422-aux-tours-de-la-rochelle-1198422-204-1.jpg\u0022 class=\u0022colorbox best-photo--link\u0022 data-colorbox-gallery=\u0022best-photo\u0022\u003E\n            \u003Cimg src=\u0022https:\/\/cdn.terra-aventura.fr\/cdn\/ff\/aDtsK4tLD3DWi5UUro0reMwLREk-7UpJs_xY-gE-zT8\/1762701905\/public\/styles\/fiche_cache_apercu_upload_photo_commentaire\/public\/caches_commentaires\/2024-08\/8263422-aux-tours-de-la-rochelle-1198422-204-1.jpg?itok=lN6aEwR1\u0022\n                 class=\u0022best-photo--img\u0022\/\u003E\n          \u003C\/a\u003E\n                  \u003Ca href=\u0022https:\/\/cdn.terra-aventura.fr\/cdn\/ff\/Ii3U-zNxtFjudVs5HMPLSO-zl8pV4ztTmC980_8cnMM\/1730472206\/public\/caches_commentaires\/2024-08\/8263422-aux-tours-de-la-rochelle-1198422-204-2.jpg\u0022 class=\u0022colorbox best-photo--link\u0022 data-colorbox-gallery=\u0022best-photo\u0022\u003E\n            \u003Cimg src=\u0022https:\/\/cdn.terra-aventura.fr\/cdn\/ff\/7xsvKRrzWaPUp2Bkm_wSWnhjp4TauTRYFfonnqk6Vpw\/1762701905\/public\/styles\/fiche_cache_apercu_upload_photo_commentaire\/public\/caches_commentaires\/2024-08\/8263422-aux-tours-de-la-rochelle-1198422-204-2.jpg?itok=za2rULMi\u0022\n                 class=\u0022best-photo--img\u0022\/\u003E\n          \u003C\/a\u003E\n                  \u003Ca href=\u0022https:\/\/cdn.terra-aventura.fr\/cdn\/ff\/4XW6Qb8GmP6axZZY0Bm1vuUXbofREDY-3NiErAo41Nw\/1730472206\/public\/caches_commentaires\/2024-08\/8263422-aux-tours-de-la-rochelle-1198422-204-3.jpg\u0022 class=\u0022colorbox best-photo--link\u0022 data-colorbox-gallery=\u0022best-photo\u0022\u003E\n            \u003Cimg src=\u0022https:\/\/cdn.terra-aventura.fr\/cdn\/ff\/BthMd_4Z-CimqFKJ4j4jLIN0XWVLk7uRKSuw9ShRUp8\/1762701905\/public\/styles\/fiche_cache_apercu_upload_photo_commentaire\/public\/caches_commentaires\/2024-08\/8263422-aux-tours-de-la-rochelle-1198422-204-3.jpg?itok=jLszjs1w\u0022\n                 class=\u0022best-photo--img\u0022\/\u003E\n          \u003C\/a\u003E\n                  \u003Ca href=\u0022https:\/\/cdn.terra-aventura.fr\/cdn\/ff\/SW3lthgbEwLYciSZYPsMVgbkmNpGDXBgwt98XXbV_CE\/1730472206\/public\/caches_commentaires\/2024-08\/8263422-aux-tours-de-la-rochelle-1198422-204-4.jpg\u0022 class=\u0022colorbox best-photo--link\u0022 data-colorbox-gallery=\u0022best-photo\u0022\u003E\n            \u003Cimg src=\u0022https:\/\/cdn.terra-aventura.fr\/cdn\/ff\/I7WNNwXk0s4rRZq20Inmq_tfd3Oc3S0CtzHVLjEoF34\/1762701905\/public\/styles\/fiche_cache_apercu_upload_photo_commentaire\/public\/caches_commentaires\/2024-08\/8263422-aux-tours-de-la-rochelle-1198422-204-4.jpg?itok=dRx7pvxL\u0022\n                 class=\u0022best-photo--img\u0022\/\u003E\n          \u003C\/a\u003E\n              \u003C\/div\u003E\n      \u003C\/div\u003E\n\n\u003C\/div\u003E\n","commentaire_text":"j\u0027ai ador\u00e9 revisiter cette ville connue gr\u00e2ce \u00e0 mon ch\u00e9ri","idcache":"204"}]